{"id":4052,"date":"2026-03-18T16:33:24","date_gmt":"2026-03-18T16:33:24","guid":{"rendered":"https:\/\/seeco.es\/?p=4052"},"modified":"2026-03-24T07:48:48","modified_gmt":"2026-03-24T07:48:48","slug":"curso-ecografia-pediatrica","status":"publish","type":"post","link":"https:\/\/seeco.es\/en\/curso-ecografia-pediatrica\/","title":{"rendered":"Curso de Ecograf\u00eda Pedi\u00e1trica: Formaci\u00f3n Cl\u00ednica"},"content":{"rendered":"<p><!-- TITLE (50\u201360): Curso de Ecograf\u00eda Pedi\u00e1trica: Formaci\u00f3n Cl\u00ednica SLUG: curso-ecografia-pediatrica-formacion FOCUS KEYWORD: curso ecograf\u00eda pedi\u00e1trica META DESCRIPTION (140\u2013155): Formaci\u00f3n en ecograf\u00eda pedi\u00e1trica para mejorar el diagn\u00f3stico infantil con t\u00e9cnicas seguras y eficaces. --><\/p>\n<h1>Curso de ecograf\u00eda pedi\u00e1trica: formaci\u00f3n imprescindible para el diagn\u00f3stico infantil<\/h1>\n<p>La ecograf\u00eda pedi\u00e1trica es una herramienta diagn\u00f3stica fundamental en el \u00e1mbito cl\u00ednico infantil. Su principal ventaja es que se trata de una t\u00e9cnica segura, no invasiva y sin radiaci\u00f3n, lo que la convierte en una opci\u00f3n ideal para la evaluaci\u00f3n de pacientes pedi\u00e1tricos.<\/p>\n<p>Realizar un <strong>curso de ecograf\u00eda pedi\u00e1trica<\/strong> permite a los profesionales sanitarios mejorar su capacidad diagn\u00f3stica y optimizar la atenci\u00f3n cl\u00ednica.<\/p>\n<h2>\u00bfPor qu\u00e9 es clave la ecograf\u00eda en pediatr\u00eda?<\/h2>\n<p>En pediatr\u00eda, minimizar riesgos es esencial. A diferencia de otras t\u00e9cnicas como la radiograf\u00eda, la ecograf\u00eda no utiliza radiaci\u00f3n ionizante.<\/p>\n<p>Seg\u00fan el <a href=\"https:\/\/www.sanidad.gob.es\/\" target=\"_blank\" rel=\"noopener\">Ministerio de Sanidad<\/a>, el uso de t\u00e9cnicas seguras es prioritario en poblaci\u00f3n infantil.<\/p>\n<h2>Aplicaciones cl\u00ednicas principales<\/h2>\n<ul>\n<li>Ecograf\u00eda abdominal<\/li>\n<li>Ecograf\u00eda de caderas<\/li>\n<li>Ecograf\u00eda de partes blandas<\/li>\n<li>Evaluaci\u00f3n de masas<\/li>\n<\/ul>\n<h2>Importancia de la formaci\u00f3n especializada<\/h2>\n<p>La ecograf\u00eda pedi\u00e1trica requiere conocimientos espec\u00edficos, ya que las estructuras anat\u00f3micas y patolog\u00edas difieren de las del adulto.<\/p>\n<p>He <a href=\"https:\/\/seeco.es\/en\/curso-ecografia\/iv-curso-intensivo-de-ecografia-clinica-pediatrica\/\">curso intensivo de ecograf\u00eda pedi\u00e1trica<\/a> es una opci\u00f3n ideal para adquirir estas competencias.<\/p>\n<h2>Formaci\u00f3n pr\u00e1ctica<\/h2>\n<p>La pr\u00e1ctica es fundamental. Los <a href=\"https:\/\/seeco.es\/en\/c\/cursos-presenciales\/\">cursos presenciales<\/a> permiten trabajar con casos reales.<\/p>\n<h2>Beneficios para el profesional<\/h2>\n<ul>\n<li>Diagn\u00f3stico r\u00e1pido y preciso<\/li>\n<li>Reducci\u00f3n de pruebas invasivas<\/li>\n<li>Mejor atenci\u00f3n al paciente<\/li>\n<\/ul>\n<h2>Relaci\u00f3n con otras \u00e1reas<\/h2>\n<p>La ecograf\u00eda pedi\u00e1trica forma parte de la ecograf\u00eda cl\u00ednica global. Consulta esta <a href=\"\/en\/curso-ecografia-clinica\/\">gu\u00eda completa<\/a>.<\/p>\n<h2>C\u00f3mo empezar<\/h2>\n<p>La formaci\u00f3n estructurada es clave para el aprendizaje progresivo.<\/p>\n<p><strong>Consulta aqu\u00ed cursos disponibles: <\/strong><a href=\"https:\/\/seeco.es\/en\/c\/cursos-presenciales\/\">Cursos presenciales<\/a><\/p>\n<p><strong>Contact:<\/strong><\/p>\n<ul>\n<li>E-mail: <a href=\"mailto:secretariatecnica@seeco.es\">secretariatecnica@seeco.es<\/a><\/li>\n<li><a href=\"https:\/\/seeco.es\/en\/contacta-con-seeco\/\">Contacto<\/a><\/li>\n<\/ul>\n<h2>Otros usuarios leyeron este art\u00edculo buscando:<\/h2>\n<p>ecograf\u00eda pedi\u00e1trica curso, diagn\u00f3stico infantil ecograf\u00eda, formaci\u00f3n ecograf\u00eda pedi\u00e1trica Espa\u00f1a<\/p>","protected":false},"excerpt":{"rendered":"<p>Curso de ecograf\u00eda pedi\u00e1trica: formaci\u00f3n imprescindible para el diagn\u00f3stico infantil La ecograf\u00eda pedi\u00e1trica es una herramienta diagn\u00f3stica fundamental en el \u00e1mbito cl\u00ednico infantil. Su principal ventaja es que se trata de una t\u00e9cnica segura, no invasiva y sin radiaci\u00f3n, lo que la convierte en una opci\u00f3n ideal para la evaluaci\u00f3n de pacientes pedi\u00e1tricos. Realizar un [&hellip;]<\/p>\n","protected":false},"author":844,"featured_media":4019,"comment_status":"closed","ping_status":"closed","sticky":false,"template":"","format":"standard","meta":{"footnotes":""},"categories":[93],"tags":[94],"class_list":["post-4052","post","type-post","status-publish","format-standard","has-post-thumbnail","hentry","category-blog","tag-cursos-de-ecografia"],"yoast_head":"<!-- This site is optimized with the Yoast SEO plugin v27.5 - https:\/\/yoast.com\/product\/yoast-seo-wordpress\/ -->\n<title>Curso de Ecograf\u00eda Pedi\u00e1trica: Formaci\u00f3n Cl\u00ednica - SEECO<\/title>\n<meta name=\"description\" content=\"Formaci\u00f3n en ecograf\u00eda pedi\u00e1trica para mejorar el diagn\u00f3stico en ni\u00f1os con t\u00e9cnicas seguras y eficaces.\" \/>\n<meta name=\"robots\" content=\"index, follow, max-snippet:-1, max-image-preview:large, max-video-preview:-1\" \/>\n<link rel=\"canonical\" href=\"https:\/\/seeco.es\/en\/curso-ecografia-pediatrica\/\" \/>\n<meta property=\"og:locale\" content=\"en_GB\" \/>\n<meta property=\"og:type\" content=\"article\" \/>\n<meta property=\"og:title\" content=\"Curso de Ecograf\u00eda Pedi\u00e1trica: Formaci\u00f3n Cl\u00ednica - SEECO\" \/>\n<meta property=\"og:description\" content=\"Formaci\u00f3n en ecograf\u00eda pedi\u00e1trica para mejorar el diagn\u00f3stico en ni\u00f1os con t\u00e9cnicas seguras y eficaces.\" \/>\n<meta property=\"og:url\" content=\"https:\/\/seeco.es\/en\/curso-ecografia-pediatrica\/\" \/>\n<meta property=\"og:site_name\" content=\"SEECO\" \/>\n<meta property=\"article:published_time\" content=\"2026-03-18T16:33:24+00:00\" \/>\n<meta property=\"article:modified_time\" content=\"2026-03-24T07:48:48+00:00\" \/>\n<meta property=\"og:image\" content=\"https:\/\/seeco.es\/wp-content\/uploads\/2026\/03\/Curso-y-Formacion-de-Ecografia-Pediatrica-II.jpg\" \/>\n\t<meta property=\"og:image:width\" content=\"800\" \/>\n\t<meta property=\"og:image:height\" content=\"494\" \/>\n\t<meta property=\"og:image:type\" content=\"image\/jpeg\" \/>\n<meta name=\"author\" content=\"websoluciones\" \/>\n<meta name=\"twitter:card\" content=\"summary_large_image\" \/>\n<meta name=\"twitter:label1\" content=\"Written by\" \/>\n\t<meta name=\"twitter:data1\" content=\"websoluciones\" \/>\n\t<meta name=\"twitter:label2\" content=\"Estimated reading time\" \/>\n\t<meta name=\"twitter:data2\" content=\"2 minutes\" \/>\n<script type=\"application\/ld+json\" class=\"yoast-schema-graph\">{\"@context\":\"https:\\\/\\\/schema.org\",\"@graph\":[{\"@type\":\"Article\",\"@id\":\"https:\\\/\\\/seeco.es\\\/curso-ecografia-pediatrica\\\/#article\",\"isPartOf\":{\"@id\":\"https:\\\/\\\/seeco.es\\\/curso-ecografia-pediatrica\\\/\"},\"author\":{\"name\":\"websoluciones\",\"@id\":\"https:\\\/\\\/seeco.es\\\/#\\\/schema\\\/person\\\/65f1384b8d497d4fc86967efcf44f429\"},\"headline\":\"Curso de Ecograf\u00eda Pedi\u00e1trica: Formaci\u00f3n Cl\u00ednica\",\"datePublished\":\"2026-03-18T16:33:24+00:00\",\"dateModified\":\"2026-03-24T07:48:48+00:00\",\"mainEntityOfPage\":{\"@id\":\"https:\\\/\\\/seeco.es\\\/curso-ecografia-pediatrica\\\/\"},\"wordCount\":331,\"image\":{\"@id\":\"https:\\\/\\\/seeco.es\\\/curso-ecografia-pediatrica\\\/#primaryimage\"},\"thumbnailUrl\":\"https:\\\/\\\/seeco.es\\\/wp-content\\\/uploads\\\/2026\\\/03\\\/Curso-y-Formacion-de-Ecografia-Pediatrica-II.jpg\",\"keywords\":[\"cursos de ecograf\u00eda\"],\"articleSection\":[\"Blog\"],\"inLanguage\":\"en-GB\"},{\"@type\":\"WebPage\",\"@id\":\"https:\\\/\\\/seeco.es\\\/curso-ecografia-pediatrica\\\/\",\"url\":\"https:\\\/\\\/seeco.es\\\/curso-ecografia-pediatrica\\\/\",\"name\":\"Curso de Ecograf\u00eda Pedi\u00e1trica: Formaci\u00f3n Cl\u00ednica - SEECO\",\"isPartOf\":{\"@id\":\"https:\\\/\\\/seeco.es\\\/#website\"},\"primaryImageOfPage\":{\"@id\":\"https:\\\/\\\/seeco.es\\\/curso-ecografia-pediatrica\\\/#primaryimage\"},\"image\":{\"@id\":\"https:\\\/\\\/seeco.es\\\/curso-ecografia-pediatrica\\\/#primaryimage\"},\"thumbnailUrl\":\"https:\\\/\\\/seeco.es\\\/wp-content\\\/uploads\\\/2026\\\/03\\\/Curso-y-Formacion-de-Ecografia-Pediatrica-II.jpg\",\"datePublished\":\"2026-03-18T16:33:24+00:00\",\"dateModified\":\"2026-03-24T07:48:48+00:00\",\"author\":{\"@id\":\"https:\\\/\\\/seeco.es\\\/#\\\/schema\\\/person\\\/65f1384b8d497d4fc86967efcf44f429\"},\"description\":\"Formaci\u00f3n en ecograf\u00eda pedi\u00e1trica para mejorar el diagn\u00f3stico en ni\u00f1os con t\u00e9cnicas seguras y eficaces.\",\"breadcrumb\":{\"@id\":\"https:\\\/\\\/seeco.es\\\/curso-ecografia-pediatrica\\\/#breadcrumb\"},\"inLanguage\":\"en-GB\",\"potentialAction\":[{\"@type\":\"ReadAction\",\"target\":[\"https:\\\/\\\/seeco.es\\\/curso-ecografia-pediatrica\\\/\"]}]},{\"@type\":\"ImageObject\",\"inLanguage\":\"en-GB\",\"@id\":\"https:\\\/\\\/seeco.es\\\/curso-ecografia-pediatrica\\\/#primaryimage\",\"url\":\"https:\\\/\\\/seeco.es\\\/wp-content\\\/uploads\\\/2026\\\/03\\\/Curso-y-Formacion-de-Ecografia-Pediatrica-II.jpg\",\"contentUrl\":\"https:\\\/\\\/seeco.es\\\/wp-content\\\/uploads\\\/2026\\\/03\\\/Curso-y-Formacion-de-Ecografia-Pediatrica-II.jpg\",\"width\":800,\"height\":494,\"caption\":\"Cursos y Formaciones de Ecograf\u00eda\"},{\"@type\":\"BreadcrumbList\",\"@id\":\"https:\\\/\\\/seeco.es\\\/curso-ecografia-pediatrica\\\/#breadcrumb\",\"itemListElement\":[{\"@type\":\"ListItem\",\"position\":1,\"name\":\"Portada\",\"item\":\"https:\\\/\\\/seeco.es\\\/seeco\\\/\"},{\"@type\":\"ListItem\",\"position\":2,\"name\":\"Curso de Ecograf\u00eda Pedi\u00e1trica: Formaci\u00f3n Cl\u00ednica\"}]},{\"@type\":\"WebSite\",\"@id\":\"https:\\\/\\\/seeco.es\\\/#website\",\"url\":\"https:\\\/\\\/seeco.es\\\/\",\"name\":\"SEECO\",\"description\":\"Sociedad Espa\u00f1ola de Ecograf\u00eda\",\"potentialAction\":[{\"@type\":\"SearchAction\",\"target\":{\"@type\":\"EntryPoint\",\"urlTemplate\":\"https:\\\/\\\/seeco.es\\\/?s={search_term_string}\"},\"query-input\":{\"@type\":\"PropertyValueSpecification\",\"valueRequired\":true,\"valueName\":\"search_term_string\"}}],\"inLanguage\":\"en-GB\"},{\"@type\":\"Person\",\"@id\":\"https:\\\/\\\/seeco.es\\\/#\\\/schema\\\/person\\\/65f1384b8d497d4fc86967efcf44f429\",\"name\":\"websoluciones\",\"url\":\"https:\\\/\\\/seeco.es\\\/en\\\/author\\\/websoluciones\\\/\"}]}<\/script>\n<!-- \/ Yoast SEO plugin. -->","yoast_head_json":{"title":"Curso de Ecograf\u00eda Pedi\u00e1trica: Formaci\u00f3n Cl\u00ednica - SEECO","description":"Formaci\u00f3n en ecograf\u00eda pedi\u00e1trica para mejorar el diagn\u00f3stico en ni\u00f1os con t\u00e9cnicas seguras y eficaces.","robots":{"index":"index","follow":"follow","max-snippet":"max-snippet:-1","max-image-preview":"max-image-preview:large","max-video-preview":"max-video-preview:-1"},"canonical":"https:\/\/seeco.es\/en\/curso-ecografia-pediatrica\/","og_locale":"en_GB","og_type":"article","og_title":"Curso de Ecograf\u00eda Pedi\u00e1trica: Formaci\u00f3n Cl\u00ednica - SEECO","og_description":"Formaci\u00f3n en ecograf\u00eda pedi\u00e1trica para mejorar el diagn\u00f3stico en ni\u00f1os con t\u00e9cnicas seguras y eficaces.","og_url":"https:\/\/seeco.es\/en\/curso-ecografia-pediatrica\/","og_site_name":"SEECO","article_published_time":"2026-03-18T16:33:24+00:00","article_modified_time":"2026-03-24T07:48:48+00:00","og_image":[{"width":800,"height":494,"url":"https:\/\/seeco.es\/wp-content\/uploads\/2026\/03\/Curso-y-Formacion-de-Ecografia-Pediatrica-II.jpg","type":"image\/jpeg"}],"author":"websoluciones","twitter_card":"summary_large_image","twitter_misc":{"Written by":"websoluciones","Estimated reading time":"2 minutes"},"schema":{"@context":"https:\/\/schema.org","@graph":[{"@type":"Article","@id":"https:\/\/seeco.es\/curso-ecografia-pediatrica\/#article","isPartOf":{"@id":"https:\/\/seeco.es\/curso-ecografia-pediatrica\/"},"author":{"name":"websoluciones","@id":"https:\/\/seeco.es\/#\/schema\/person\/65f1384b8d497d4fc86967efcf44f429"},"headline":"Curso de Ecograf\u00eda Pedi\u00e1trica: Formaci\u00f3n Cl\u00ednica","datePublished":"2026-03-18T16:33:24+00:00","dateModified":"2026-03-24T07:48:48+00:00","mainEntityOfPage":{"@id":"https:\/\/seeco.es\/curso-ecografia-pediatrica\/"},"wordCount":331,"image":{"@id":"https:\/\/seeco.es\/curso-ecografia-pediatrica\/#primaryimage"},"thumbnailUrl":"https:\/\/seeco.es\/wp-content\/uploads\/2026\/03\/Curso-y-Formacion-de-Ecografia-Pediatrica-II.jpg","keywords":["cursos de ecograf\u00eda"],"articleSection":["Blog"],"inLanguage":"en-GB"},{"@type":"WebPage","@id":"https:\/\/seeco.es\/curso-ecografia-pediatrica\/","url":"https:\/\/seeco.es\/curso-ecografia-pediatrica\/","name":"Curso de Ecograf\u00eda Pedi\u00e1trica: Formaci\u00f3n Cl\u00ednica - SEECO","isPartOf":{"@id":"https:\/\/seeco.es\/#website"},"primaryImageOfPage":{"@id":"https:\/\/seeco.es\/curso-ecografia-pediatrica\/#primaryimage"},"image":{"@id":"https:\/\/seeco.es\/curso-ecografia-pediatrica\/#primaryimage"},"thumbnailUrl":"https:\/\/seeco.es\/wp-content\/uploads\/2026\/03\/Curso-y-Formacion-de-Ecografia-Pediatrica-II.jpg","datePublished":"2026-03-18T16:33:24+00:00","dateModified":"2026-03-24T07:48:48+00:00","author":{"@id":"https:\/\/seeco.es\/#\/schema\/person\/65f1384b8d497d4fc86967efcf44f429"},"description":"Formaci\u00f3n en ecograf\u00eda pedi\u00e1trica para mejorar el diagn\u00f3stico en ni\u00f1os con t\u00e9cnicas seguras y eficaces.","breadcrumb":{"@id":"https:\/\/seeco.es\/curso-ecografia-pediatrica\/#breadcrumb"},"inLanguage":"en-GB","potentialAction":[{"@type":"ReadAction","target":["https:\/\/seeco.es\/curso-ecografia-pediatrica\/"]}]},{"@type":"ImageObject","inLanguage":"en-GB","@id":"https:\/\/seeco.es\/curso-ecografia-pediatrica\/#primaryimage","url":"https:\/\/seeco.es\/wp-content\/uploads\/2026\/03\/Curso-y-Formacion-de-Ecografia-Pediatrica-II.jpg","contentUrl":"https:\/\/seeco.es\/wp-content\/uploads\/2026\/03\/Curso-y-Formacion-de-Ecografia-Pediatrica-II.jpg","width":800,"height":494,"caption":"Cursos y Formaciones de Ecograf\u00eda"},{"@type":"BreadcrumbList","@id":"https:\/\/seeco.es\/curso-ecografia-pediatrica\/#breadcrumb","itemListElement":[{"@type":"ListItem","position":1,"name":"Portada","item":"https:\/\/seeco.es\/seeco\/"},{"@type":"ListItem","position":2,"name":"Curso de Ecograf\u00eda Pedi\u00e1trica: Formaci\u00f3n Cl\u00ednica"}]},{"@type":"WebSite","@id":"https:\/\/seeco.es\/#website","url":"https:\/\/seeco.es\/","name":"SEECO","description":"Spanish Society of Ultrasound","potentialAction":[{"@type":"SearchAction","target":{"@type":"EntryPoint","urlTemplate":"https:\/\/seeco.es\/?s={search_term_string}"},"query-input":{"@type":"PropertyValueSpecification","valueRequired":true,"valueName":"search_term_string"}}],"inLanguage":"en-GB"},{"@type":"Person","@id":"https:\/\/seeco.es\/#\/schema\/person\/65f1384b8d497d4fc86967efcf44f429","name":"websoluciones","url":"https:\/\/seeco.es\/en\/author\/websoluciones\/"}]}},"_links":{"self":[{"href":"https:\/\/seeco.es\/en\/wp-json\/wp\/v2\/posts\/4052","targetHints":{"allow":["GET"]}}],"collection":[{"href":"https:\/\/seeco.es\/en\/wp-json\/wp\/v2\/posts"}],"about":[{"href":"https:\/\/seeco.es\/en\/wp-json\/wp\/v2\/types\/post"}],"author":[{"embeddable":true,"href":"https:\/\/seeco.es\/en\/wp-json\/wp\/v2\/users\/844"}],"replies":[{"embeddable":true,"href":"https:\/\/seeco.es\/en\/wp-json\/wp\/v2\/comments?post=4052"}],"version-history":[{"count":3,"href":"https:\/\/seeco.es\/en\/wp-json\/wp\/v2\/posts\/4052\/revisions"}],"predecessor-version":[{"id":4073,"href":"https:\/\/seeco.es\/en\/wp-json\/wp\/v2\/posts\/4052\/revisions\/4073"}],"wp:featuredmedia":[{"embeddable":true,"href":"https:\/\/seeco.es\/en\/wp-json\/wp\/v2\/media\/4019"}],"wp:attachment":[{"href":"https:\/\/seeco.es\/en\/wp-json\/wp\/v2\/media?parent=4052"}],"wp:term":[{"taxonomy":"category","embeddable":true,"href":"https:\/\/seeco.es\/en\/wp-json\/wp\/v2\/categories?post=4052"},{"taxonomy":"post_tag","embeddable":true,"href":"https:\/\/seeco.es\/en\/wp-json\/wp\/v2\/tags?post=4052"}],"curies":[{"name":"wp","href":"https:\/\/api.w.org\/{rel}","templated":true}]}}